{"id":2683,"date":"2026-04-28T05:48:37","date_gmt":"2026-04-28T05:48:37","guid":{"rendered":"https:\/\/www.k1-hagen.de\/?p=2683"},"modified":"2026-04-28T05:48:37","modified_gmt":"2026-04-28T05:48:37","slug":"europawoche-2026-besuch-unserer-partnerschule-ekonomik-ratibor","status":"publish","type":"post","link":"https:\/\/www.k1-hagen.de\/index.php\/2026\/04\/28\/europawoche-2026-besuch-unserer-partnerschule-ekonomik-ratibor\/","title":{"rendered":"Europawoche 2026: Besuch unserer Partnerschule Ekonomik Ratibor"},"content":{"rendered":"<p>Wir m\u00f6chten in unserer Europawoche vom <span dir=\"ltr\">4.-8. Mai 2026<\/span> mit euch Br\u00fccken bauen in die Vergangenheit mit einer kleinen Route durch die Hagener Innenstadt (mit Stops bei Stolpersteinen, der Gedenktafel &#8222;Gegen das Vergessen&#8220; am Rathaus, der Synagoge), Br\u00fccken bauen mit St\u00e4nden der Vielfalt in unserem SV-Raum am Mittwoch und Donnerstag, wo 8 Herkunftsl\u00e4nder der Internationalen F\u00f6rderklasse vorgestellt werden (es gibt auch Leckereien und Kaffee) und Br\u00fccken bauen nach Ratibor mit dem Besuch unserer Partnerschule in Schlesien, Polen: der Berufsschule Ekonomik Ratibor, \u00fcber den wir uns sehr freuen &#8211; <span dir=\"ltr\">am Freitag ab 10:40 Uhr<\/span> k\u00f6nnt ihr unsere G\u00e4ste in der Aula kennenlernen.<br \/>\nAm Freitag m\u00f6chten wir auch eine Menschenkette bilden anl\u00e4sslich des 81. Jahrestages der Befreiung vom Nationalsozialismus &#8211; &#8222;Nie wieder!&#8220; Wir m\u00f6chten ein Zeichen setzen f\u00fcr den Zusammenhalt in Europa.<\/p>\n<p>&#8222;Building Bridges in Europe &#8211; Begegnung zwischen Zeiten und Kulturen: Europawoche mit unserer Partnerschule Ekonomik Ratibor&#8220; wird von der Landesinitiative Europa-Schecks des Ministers f\u00fcr Bundes- und Europaangelegenheiten, Internationales sowie Medien und Chef der Staatskanzlei des Landes Nordrhein-Westfalen unterst\u00fctzt. Vielen herzlichen Dank!<a href=\"https:\/\/www.k1-hagen.de\/index.php\/2026\/04\/28\/europawoche-2026-besuch-unserer-partnerschule-ekonomik-ratibor\/photo-2026-04-28-07-02-34-3\/\" rel=\"attachment wp-att-2684\"><img loading=\"lazy\" decoding=\"async\" class=\"alignnone size-full wp-image-2684\" src=\"https:\/\/www.k1-hagen.de\/wp-content\/uploads\/2026\/04\/PHOTO-2026-04-28-07-02-34-3.jpeg\" alt=\"\" width=\"1200\" height=\"1600\" srcset=\"https:\/\/www.k1-hagen.de\/wp-content\/uploads\/2026\/04\/PHOTO-2026-04-28-07-02-34-3.jpeg 1200w, https:\/\/www.k1-hagen.de\/wp-content\/uploads\/2026\/04\/PHOTO-2026-04-28-07-02-34-3-225x300.jpeg 225w, https:\/\/www.k1-hagen.de\/wp-content\/uploads\/2026\/04\/PHOTO-2026-04-28-07-02-34-3-768x1024.jpeg 768w, https:\/\/www.k1-hagen.de\/wp-content\/uploads\/2026\/04\/PHOTO-2026-04-28-07-02-34-3-1152x1536.jpeg 1152w\" sizes=\"auto, (max-width: 1200px) 100vw, 1200px\" \/><\/a> <a href=\"https:\/\/www.k1-hagen.de\/index.php\/2026\/04\/28\/europawoche-2026-besuch-unserer-partnerschule-ekonomik-ratibor\/photo-2026-04-28-07-02-34-2\/\" rel=\"attachment wp-att-2685\"><img loading=\"lazy\" decoding=\"async\" class=\"alignnone size-full wp-image-2685\" src=\"https:\/\/www.k1-hagen.de\/wp-content\/uploads\/2026\/04\/PHOTO-2026-04-28-07-02-34-2.jpeg\" alt=\"\" width=\"1131\" height=\"1600\" srcset=\"https:\/\/www.k1-hagen.de\/wp-content\/uploads\/2026\/04\/PHOTO-2026-04-28-07-02-34-2.jpeg 1131w, https:\/\/www.k1-hagen.de\/wp-content\/uploads\/2026\/04\/PHOTO-2026-04-28-07-02-34-2-212x300.jpeg 212w, https:\/\/www.k1-hagen.de\/wp-content\/uploads\/2026\/04\/PHOTO-2026-04-28-07-02-34-2-724x1024.jpeg 724w, https:\/\/www.k1-hagen.de\/wp-content\/uploads\/2026\/04\/PHOTO-2026-04-28-07-02-34-2-768x1086.jpeg 768w, https:\/\/www.k1-hagen.de\/wp-content\/uploads\/2026\/04\/PHOTO-2026-04-28-07-02-34-2-1086x1536.jpeg 1086w\" sizes=\"auto, (max-width: 1131px) 100vw, 1131px\" \/><\/a> <a href=\"https:\/\/www.k1-hagen.de\/index.php\/2026\/04\/28\/europawoche-2026-besuch-unserer-partnerschule-ekonomik-ratibor\/photo-2026-04-28-07-02-34\/\" rel=\"attachment wp-att-2686\"><img loading=\"lazy\" decoding=\"async\" class=\"alignnone size-full wp-image-2686\" src=\"https:\/\/www.k1-hagen.de\/wp-content\/uploads\/2026\/04\/PHOTO-2026-04-28-07-02-34.jpeg\" alt=\"\" width=\"1600\" height=\"900\" srcset=\"https:\/\/www.k1-hagen.de\/wp-content\/uploads\/2026\/04\/PHOTO-2026-04-28-07-02-34.jpeg 1600w, https:\/\/www.k1-hagen.de\/wp-content\/uploads\/2026\/04\/PHOTO-2026-04-28-07-02-34-300x169.jpeg 300w, https:\/\/www.k1-hagen.de\/wp-content\/uploads\/2026\/04\/PHOTO-2026-04-28-07-02-34-1024x576.jpeg 1024w, https:\/\/www.k1-hagen.de\/wp-content\/uploads\/2026\/04\/PHOTO-2026-04-28-07-02-34-768x432.jpeg 768w, https:\/\/www.k1-hagen.de\/wp-content\/uploads\/2026\/04\/PHOTO-2026-04-28-07-02-34-1536x864.jpeg 1536w\" sizes=\"auto, (max-width: 1600px) 100vw, 1600px\" \/><\/a><\/p>\n","protected":false},"excerpt":{"rendered":"<p>Wir m\u00f6chten in unserer Europawoche vom 4.-8. Mai 2026 mit euch Br\u00fccken bauen in die Vergangenheit mit einer kleinen Route durch die Hagener Innenstadt (mit Stops bei Stolpersteinen, der Gedenktafel &#8222;Gegen das Vergessen&#8220; am&#46;&#46;&#46;<\/p>\n","protected":false},"author":1,"featured_media":2687,"comment_status":"closed","ping_status":"open","sticky":false,"template":"","format":"standard","meta":{"footnotes":""},"categories":[1],"tags":[],"class_list":["post-2683","post","type-post","status-publish","format-standard","has-post-thumbnail","hentry","category-uncategorized"],"_links":{"self":[{"href":"https:\/\/www.k1-hagen.de\/index.php\/wp-json\/wp\/v2\/posts\/2683","targetHints":{"allow":["GET"]}}],"collection":[{"href":"https:\/\/www.k1-hagen.de\/index.php\/wp-json\/wp\/v2\/posts"}],"about":[{"href":"https:\/\/www.k1-hagen.de\/index.php\/wp-json\/wp\/v2\/types\/post"}],"author":[{"embeddable":true,"href":"https:\/\/www.k1-hagen.de\/index.php\/wp-json\/wp\/v2\/users\/1"}],"replies":[{"embeddable":true,"href":"https:\/\/www.k1-hagen.de\/index.php\/wp-json\/wp\/v2\/comments?post=2683"}],"version-history":[{"count":2,"href":"https:\/\/www.k1-hagen.de\/index.php\/wp-json\/wp\/v2\/posts\/2683\/revisions"}],"predecessor-version":[{"id":2689,"href":"https:\/\/www.k1-hagen.de\/index.php\/wp-json\/wp\/v2\/posts\/2683\/revisions\/2689"}],"wp:featuredmedia":[{"embeddable":true,"href":"https:\/\/www.k1-hagen.de\/index.php\/wp-json\/wp\/v2\/media\/2687"}],"wp:attachment":[{"href":"https:\/\/www.k1-hagen.de\/index.php\/wp-json\/wp\/v2\/media?parent=2683"}],"wp:term":[{"taxonomy":"category","embeddable":true,"href":"https:\/\/www.k1-hagen.de\/index.php\/wp-json\/wp\/v2\/categories?post=2683"},{"taxonomy":"post_tag","embeddable":true,"href":"https:\/\/www.k1-hagen.de\/index.php\/wp-json\/wp\/v2\/tags?post=2683"}],"curies":[{"name":"wp","href":"https:\/\/api.w.org\/{rel}","templated":true}]}}