{"id":2649,"date":"2026-03-14T11:03:43","date_gmt":"2026-03-14T11:03:43","guid":{"rendered":"https:\/\/www.k1-hagen.de\/?p=2649"},"modified":"2026-03-14T11:06:19","modified_gmt":"2026-03-14T11:06:19","slug":"unsere-reise-nach-krakau-eine-fahrt-zwischen-geschichte-kultur-und-bewegenden-momenten","status":"publish","type":"post","link":"https:\/\/www.k1-hagen.de\/index.php\/2026\/03\/14\/unsere-reise-nach-krakau-eine-fahrt-zwischen-geschichte-kultur-und-bewegenden-momenten\/","title":{"rendered":"Unsere Reise nach Krakau \u2013 Eine Fahrt zwischen Geschichte, Kultur und bewegenden Momenten"},"content":{"rendered":"<p style=\"font-weight: 400;\">Schon die Anreise machte deutlich: Diese Fahrt w\u00fcrde mehr sein als \u201enur\u201c eine Klassenreise. Gemeinsam machten wir uns auf den Weg nach Krakau \u2013 einer Stadt, die gleichzeitig lebendig und modern ist, aber an vielen Orten auch sichtbar von Geschichte gepr\u00e4gt wurde. Genau diese Mischung begleitete uns durch alle Tage: Staunen, Lernen, Nachdenken \u2013 und immer wieder der Austausch in der Gruppe.<\/p>\n<p style=\"font-weight: 400;\"><strong>Tag 1: Ankommen, entdecken, probieren<\/strong><\/p>\n<p style=\"font-weight: 400;\">Nach der Ankunft in Krakau ging es direkt in die Altstadt. Zwischen gro\u00dfen Pl\u00e4tzen, alten Fassaden und belebten Stra\u00dfen sammelten wir erste Eindr\u00fccke von der kulturellen Vielfalt der Stadt. Besonders sch\u00f6n war, dass wir Krakau nicht nur \u201egesehen\u201c, sondern auch ein St\u00fcck weit \u201egeschmeckt\u201c haben: Bei unserem Rundgang lernten wir typische polnische Spezialit\u00e4ten kennen und probierten sie auch \u2013 Obwarzanki (die Krakauer Brezeln), Zapiekanka (\u00fcberbackenes Baguette) und Pierogi (gef\u00fcllte Teigtaschen).<\/p>\n<p style=\"font-weight: 400;\">Dieser erste Tag war wie ein Einstieg in das Land: Wir konnten uns orientieren, ankommen und ohne Zeitdruck in die Atmosph\u00e4re der Stadt eintauchen. Gleichzeitig wuchs das Gemeinschaftsgef\u00fchl sp\u00fcrbar \u2013 denn gemeinsam unterwegs zu sein, Neues auszuprobieren und Eindr\u00fccke zu teilen, verbindet.<\/p>\n<p style=\"font-weight: 400;\"><strong>Tag 2: Stadtf\u00fchrung \u2013 Krakau als Zentrum Europas<\/strong><\/p>\n<p style=\"font-weight: 400;\">Am zweiten Tag stand eine ausf\u00fchrliche Stadtf\u00fchrung auf dem Programm. Krakau zeigte sich uns dabei als Stadt, die \u00fcber Jahrhunderte ein politisches, kulturelles und wissenschaftliches Zentrum war \u2013 und es in vielen Bereichen bis heute geblieben ist.<\/p>\n<p style=\"font-weight: 400;\">Wir besuchten die Tuchhallen auf dem Hauptmarkt, die fr\u00fcher ein wichtiger Handelsplatz waren und damit zeigen, welche Bedeutung Krakau schon fr\u00fch f\u00fcr Wirtschaft und Austausch hatte. Danach beeindruckte uns die Marienkirche, die nicht nur architektonisch, sondern auch als Symbol f\u00fcr Tradition und Stadtgeschichte eine besondere Rolle spielt.<\/p>\n<p style=\"font-weight: 400;\">Ein weiterer H\u00f6hepunkt war die Jagiellonen-Universit\u00e4t, eine der traditionsreichsten Universit\u00e4ten Europas. Hier wurde sp\u00fcrbar, wie stark Wissenschaft und Bildung Krakau pr\u00e4gen \u2013 damals wie heute. Zum Abschluss f\u00fchrte uns der Weg zur Wawel-Burg, einem der wichtigsten historischen Orte Polens. Dort wurde Geschichte nicht nur erz\u00e4hlt, sondern f\u00fchlte sich pl\u00f6tzlich \u201enah\u201c an: Man steht an einem Ort, der \u00fcber Jahrhunderte politische Entscheidungen, Macht und Identit\u00e4t mitgepr\u00e4gt hat.<\/p>\n<p style=\"font-weight: 400;\">Erg\u00e4nzt wurde dieser Tag durch den Besuch von zwei unterschiedlichen Unternehmen, wodurch wir Krakau auch als modernen Wirtschaftsstandort kennenlernen konnten. So besuchte die Fachklasse (F25A) im Bildungsgang \u201eFachkr\u00e4fte f\u00fcr Lagerlogistik\u201c zum Beispiel das Unternehmen \u201eplantiCo\u201c. Dort erhielten die Sch\u00fclerinnen und Sch\u00fcler spannende Einblicke in verschiedene Arbeitsbereiche und konnten die Abteilungen Lager, Verpackung und Verkaufslager besichtigen. Gerade dieser Kontrast \u2013 historische Altstadt und heutige Arbeitswelt \u2013 machte den Tag besonders abwechslungsreich und spannend.<\/p>\n<p style=\"font-weight: 400;\"><strong>Tag 3: J\u00fcdisches Krakau und Schindlers Fabrik<\/strong><\/p>\n<p style=\"font-weight: 400;\">Am dritten Tag besch\u00e4ftigten wir uns intensiv mit der j\u00fcdischen Geschichte der Stadt. Im ehemaligen j\u00fcdischen Viertel Kazimierz, das \u00fcber lange Zeit ein bedeutendes Zentrum j\u00fcdischen Lebens war, erfuhren wir mehr \u00fcber Religion, Alltag, Kultur und Gemeinschaft \u2013 und dar\u00fcber, wie dieses Leben durch den Nationalsozialismus zerst\u00f6rt wurde.<\/p>\n<p style=\"font-weight: 400;\">Besonders eindrucksvoll war der Besuch der ehemaligen Fabrik von Oskar Schindler. Die Ausstellung machte die Geschichte der Menschen w\u00e4hrend der deutschen Besatzung auf bewegende Weise erlebbar und zeigte, wie einzelne Menschen trotz der schwierigen Umst\u00e4nde Mut und Menschlichkeit bewiesen.<\/p>\n<p style=\"font-weight: 400;\"><strong>Tag 4: Auschwitz-Birkenau \u2013 ein Tag, der bleibt<\/strong><\/p>\n<p style=\"font-weight: 400;\">Der vierte Tag f\u00fchrte uns zur Gedenkst\u00e4tte Auschwitz-Birkenau. Dieser Besuch war der zentrale Bestandteil unserer Gedenkst\u00e4ttenfahrt \u2013 und f\u00fcr viele auch der emotional schwerste. Am authentischen Ort wurde Geschichte auf eine Weise greifbar, die kein Buch und keine Dokumentation ersetzen kann.<\/p>\n<p style=\"font-weight: 400;\">Die Auseinandersetzung mit dem Holocaust und den Verbrechen des Nationalsozialismus vertiefte nicht nur unser Wissen, sondern forderte uns auch menschlich heraus. Viele Eindr\u00fccke waren schwer in Worte zu fassen. Gerade deshalb war die gemeinsame Reflexion am Abend so wichtig: In der Gruppe konnten wir Gedanken teilen, Fragen zulassen und das Erlebte einordnen. Diese Reflexionsrunden waren ein fester Bestandteil unserer Reise \u2013 sie halfen uns, nicht nur \u201ezu besuchen\u201c, sondern wirklich zu verstehen.<\/p>\n<p style=\"font-weight: 400;\">Was wir mitnehmen<\/p>\n<p style=\"font-weight: 400;\"><strong>Tag 5: R\u00fcckreise mit vielen Gedanken<\/strong><\/p>\n<p style=\"font-weight: 400;\">Am letzten Tag hie\u00df es schlie\u00dflich Abschied nehmen. Nach dem Fr\u00fchst\u00fcck machten wir uns auf den Weg zur\u00fcck nach Deutschland \u2013 im Gep\u00e4ck nicht nur Fotos und Souvenirs, sondern vor allem viele Eindr\u00fccke, Gedanken und neue Perspektiven.<\/p>\n<p style=\"font-weight: 400;\"><strong>Fazit:<\/strong><\/p>\n<p style=\"font-weight: 400;\">Diese Krakau-Fahrt hat uns auf mehreren Ebenen gepr\u00e4gt. Wir haben eine Stadt kennengelernt, die kulturell reich, wissenschaftlich bedeutend und historisch tief verwurzelt ist. Gleichzeitig wurde uns bewusst, wie wichtig Erinnerungskultur ist \u2013 und dass Demokratie, Menschenw\u00fcrde und Toleranz keine Selbstverst\u00e4ndlichkeit sind.<\/p>\n<p style=\"font-weight: 400;\">Gedenkst\u00e4ttenfahrten wie diese f\u00f6rdern historische Kompetenz und Verantwortungsgef\u00fchl. Sie zeigen, warum jede Generation die Aufgabe hat, hinzusehen, Fragen zu stellen und Haltung zu entwickeln. Krakau war f\u00fcr uns deshalb nicht nur ein Reiseziel, sondern eine Erfahrung, die bleibt.\u00a0 Deshalb: <strong>#NieWiederIstJetzt<\/strong><\/p>\n<p style=\"font-weight: 400;\">Abschlie\u00dfend m\u00f6chten wir uns herzlich bei den Ausbildungsbetrieben bedanken, die diese Fahrt \u00fcberhaupt m\u00f6glich gemacht haben. Durch ihre Unterst\u00fctzung \u2013 und in einigen F\u00e4llen sogar durch finanzielle Beitr\u00e4ge \u2013 konnten unsere Sch\u00fclerinnen und Sch\u00fcler diese wichtige Erfahrung machen. Dieses Engagement ist nicht selbstverst\u00e4ndlich und zeigt, wie sehr Bildung, Erinnerungskultur und Verantwortung auch im Ausbildungsalltag einen Platz haben. <strong>Vielen Dank<\/strong> f\u00fcr das Vertrauen, die F\u00f6rderung und die Unterst\u00fctzung unserer Klassenfahrt nach Krakau.<\/p>\n<p style=\"font-weight: 400;\">Aleksandra Panke<\/p>\n<p>&nbsp;<\/p>\n<p><a href=\"https:\/\/www.k1-hagen.de\/index.php\/2026\/03\/14\/unsere-reise-nach-krakau-eine-fahrt-zwischen-geschichte-kultur-und-bewegenden-momenten\/img_2850\/\" rel=\"attachment wp-att-2650\"><img loading=\"lazy\" decoding=\"async\" class=\"alignnone size-full wp-image-2650\" src=\"https:\/\/www.k1-hagen.de\/wp-content\/uploads\/2026\/03\/IMG_2850.jpeg\" alt=\"\" width=\"1600\" height=\"1200\" srcset=\"https:\/\/www.k1-hagen.de\/wp-content\/uploads\/2026\/03\/IMG_2850.jpeg 1600w, https:\/\/www.k1-hagen.de\/wp-content\/uploads\/2026\/03\/IMG_2850-300x225.jpeg 300w, https:\/\/www.k1-hagen.de\/wp-content\/uploads\/2026\/03\/IMG_2850-1024x768.jpeg 1024w, https:\/\/www.k1-hagen.de\/wp-content\/uploads\/2026\/03\/IMG_2850-768x576.jpeg 768w, https:\/\/www.k1-hagen.de\/wp-content\/uploads\/2026\/03\/IMG_2850-1536x1152.jpeg 1536w\" sizes=\"auto, (max-width: 1600px) 100vw, 1600px\" \/><\/a> <a href=\"https:\/\/www.k1-hagen.de\/index.php\/2026\/03\/14\/unsere-reise-nach-krakau-eine-fahrt-zwischen-geschichte-kultur-und-bewegenden-momenten\/img-20260313-wa0016-002\/\" rel=\"attachment wp-att-2651\"><img loading=\"lazy\" decoding=\"async\" class=\"alignnone size-full wp-image-2651\" src=\"https:\/\/www.k1-hagen.de\/wp-content\/uploads\/2026\/03\/IMG-20260313-WA0016-002.jpeg\" alt=\"\" width=\"2048\" height=\"1152\" srcset=\"https:\/\/www.k1-hagen.de\/wp-content\/uploads\/2026\/03\/IMG-20260313-WA0016-002.jpeg 2048w, https:\/\/www.k1-hagen.de\/wp-content\/uploads\/2026\/03\/IMG-20260313-WA0016-002-300x169.jpeg 300w, https:\/\/www.k1-hagen.de\/wp-content\/uploads\/2026\/03\/IMG-20260313-WA0016-002-1024x576.jpeg 1024w, https:\/\/www.k1-hagen.de\/wp-content\/uploads\/2026\/03\/IMG-20260313-WA0016-002-768x432.jpeg 768w, https:\/\/www.k1-hagen.de\/wp-content\/uploads\/2026\/03\/IMG-20260313-WA0016-002-1536x864.jpeg 1536w\" sizes=\"auto, (max-width: 2048px) 100vw, 2048px\" \/><\/a> <a href=\"https:\/\/www.k1-hagen.de\/index.php\/2026\/03\/14\/unsere-reise-nach-krakau-eine-fahrt-zwischen-geschichte-kultur-und-bewegenden-momenten\/img-20260302-wa0039\/\" rel=\"attachment wp-att-2652\"><img loading=\"lazy\" decoding=\"async\" class=\"alignnone size-full wp-image-2652\" src=\"https:\/\/www.k1-hagen.de\/wp-content\/uploads\/2026\/03\/IMG-20260302-WA0039.jpeg\" alt=\"\" width=\"2048\" height=\"1536\" srcset=\"https:\/\/www.k1-hagen.de\/wp-content\/uploads\/2026\/03\/IMG-20260302-WA0039.jpeg 2048w, https:\/\/www.k1-hagen.de\/wp-content\/uploads\/2026\/03\/IMG-20260302-WA0039-300x225.jpeg 300w, https:\/\/www.k1-hagen.de\/wp-content\/uploads\/2026\/03\/IMG-20260302-WA0039-1024x768.jpeg 1024w, https:\/\/www.k1-hagen.de\/wp-content\/uploads\/2026\/03\/IMG-20260302-WA0039-768x576.jpeg 768w, https:\/\/www.k1-hagen.de\/wp-content\/uploads\/2026\/03\/IMG-20260302-WA0039-1536x1152.jpeg 1536w\" sizes=\"auto, (max-width: 2048px) 100vw, 2048px\" \/><\/a> <a href=\"https:\/\/www.k1-hagen.de\/index.php\/2026\/03\/14\/unsere-reise-nach-krakau-eine-fahrt-zwischen-geschichte-kultur-und-bewegenden-momenten\/img-20260303-wa0008\/\" rel=\"attachment wp-att-2653\"><img loading=\"lazy\" decoding=\"async\" class=\"alignnone size-full wp-image-2653\" src=\"https:\/\/www.k1-hagen.de\/wp-content\/uploads\/2026\/03\/IMG-20260303-WA0008.jpeg\" alt=\"\" width=\"1200\" height=\"1600\" srcset=\"https:\/\/www.k1-hagen.de\/wp-content\/uploads\/2026\/03\/IMG-20260303-WA0008.jpeg 1200w, https:\/\/www.k1-hagen.de\/wp-content\/uploads\/2026\/03\/IMG-20260303-WA0008-225x300.jpeg 225w, https:\/\/www.k1-hagen.de\/wp-content\/uploads\/2026\/03\/IMG-20260303-WA0008-768x1024.jpeg 768w, https:\/\/www.k1-hagen.de\/wp-content\/uploads\/2026\/03\/IMG-20260303-WA0008-1152x1536.jpeg 1152w\" sizes=\"auto, (max-width: 1200px) 100vw, 1200px\" \/><\/a> <a href=\"https:\/\/www.k1-hagen.de\/index.php\/2026\/03\/14\/unsere-reise-nach-krakau-eine-fahrt-zwischen-geschichte-kultur-und-bewegenden-momenten\/img-20260306-wa0026\/\" rel=\"attachment wp-att-2654\"><img loading=\"lazy\" decoding=\"async\" class=\"alignnone size-full wp-image-2654\" src=\"https:\/\/www.k1-hagen.de\/wp-content\/uploads\/2026\/03\/IMG-20260306-WA0026.jpeg\" alt=\"\" width=\"1600\" height=\"1200\" srcset=\"https:\/\/www.k1-hagen.de\/wp-content\/uploads\/2026\/03\/IMG-20260306-WA0026.jpeg 1600w, https:\/\/www.k1-hagen.de\/wp-content\/uploads\/2026\/03\/IMG-20260306-WA0026-300x225.jpeg 300w, https:\/\/www.k1-hagen.de\/wp-content\/uploads\/2026\/03\/IMG-20260306-WA0026-1024x768.jpeg 1024w, https:\/\/www.k1-hagen.de\/wp-content\/uploads\/2026\/03\/IMG-20260306-WA0026-768x576.jpeg 768w, https:\/\/www.k1-hagen.de\/wp-content\/uploads\/2026\/03\/IMG-20260306-WA0026-1536x1152.jpeg 1536w\" sizes=\"auto, (max-width: 1600px) 100vw, 1600px\" \/><\/a><\/p>\n","protected":false},"excerpt":{"rendered":"<p>Schon die Anreise machte deutlich: Diese Fahrt w\u00fcrde mehr sein als \u201enur\u201c eine Klassenreise. Gemeinsam machten wir uns auf den Weg nach Krakau \u2013 einer Stadt, die gleichzeitig lebendig und modern ist, aber an&#46;&#46;&#46;<\/p>\n","protected":false},"author":1,"featured_media":2651,"comment_status":"closed","ping_status":"open","sticky":false,"template":"","format":"standard","meta":{"footnotes":""},"categories":[1],"tags":[],"class_list":["post-2649","post","type-post","status-publish","format-standard","has-post-thumbnail","hentry","category-uncategorized"],"_links":{"self":[{"href":"https:\/\/www.k1-hagen.de\/index.php\/wp-json\/wp\/v2\/posts\/2649","targetHints":{"allow":["GET"]}}],"collection":[{"href":"https:\/\/www.k1-hagen.de\/index.php\/wp-json\/wp\/v2\/posts"}],"about":[{"href":"https:\/\/www.k1-hagen.de\/index.php\/wp-json\/wp\/v2\/types\/post"}],"author":[{"embeddable":true,"href":"https:\/\/www.k1-hagen.de\/index.php\/wp-json\/wp\/v2\/users\/1"}],"replies":[{"embeddable":true,"href":"https:\/\/www.k1-hagen.de\/index.php\/wp-json\/wp\/v2\/comments?post=2649"}],"version-history":[{"count":3,"href":"https:\/\/www.k1-hagen.de\/index.php\/wp-json\/wp\/v2\/posts\/2649\/revisions"}],"predecessor-version":[{"id":2657,"href":"https:\/\/www.k1-hagen.de\/index.php\/wp-json\/wp\/v2\/posts\/2649\/revisions\/2657"}],"wp:featuredmedia":[{"embeddable":true,"href":"https:\/\/www.k1-hagen.de\/index.php\/wp-json\/wp\/v2\/media\/2651"}],"wp:attachment":[{"href":"https:\/\/www.k1-hagen.de\/index.php\/wp-json\/wp\/v2\/media?parent=2649"}],"wp:term":[{"taxonomy":"category","embeddable":true,"href":"https:\/\/www.k1-hagen.de\/index.php\/wp-json\/wp\/v2\/categories?post=2649"},{"taxonomy":"post_tag","embeddable":true,"href":"https:\/\/www.k1-hagen.de\/index.php\/wp-json\/wp\/v2\/tags?post=2649"}],"curies":[{"name":"wp","href":"https:\/\/api.w.org\/{rel}","templated":true}]}}