{"id":2339,"date":"2025-03-24T15:50:16","date_gmt":"2025-03-24T15:50:16","guid":{"rendered":"https:\/\/www.k1-hagen.de\/?p=2339"},"modified":"2025-03-24T16:04:18","modified_gmt":"2025-03-24T16:04:18","slug":"zertifikatsverleihung-erasmus-mobilitaet-2024-an-unsere-auszubildenden","status":"publish","type":"post","link":"https:\/\/www.k1-hagen.de\/index.php\/2025\/03\/24\/zertifikatsverleihung-erasmus-mobilitaet-2024-an-unsere-auszubildenden\/","title":{"rendered":"Zertifikatsverleihung &#8222;Erasmus+ Mobilit\u00e4t 2024&#8220; an unsere Auszubildenden"},"content":{"rendered":"<p>Am 16. Januar 2025 fand in der Aula der Kaufmannsschule I die Zertifikatsverleihung &#8222;Erasmus+ Mobilit\u00e4t 2024&#8220; an unsere Sch\u00fclerinnen und Sch\u00fcler statt, die ein mehrw\u00f6chiges Praktikum bei den Unternehmen Eko Okna, Mieszko und Prosat in Ratibor (Polen) machten.<\/p>\n<p>Die Planung und Organisation dieser Veranstaltung erstreckte sich \u00fcber mehrere Wochen, wobei verschiedenste Aufgaben von engagierten Sch\u00fclerinnen und Sch\u00fclern sowie Lehrkr\u00e4ften \u00fcbernommen wurden.<\/p>\n<p>Die Kollegin Frau Wosch er\u00f6ffnete die Veranstaltung mit einer herzlichen Begr\u00fc\u00dfung, verbunden mit den wichtigsten Informationen zur Veranstaltung f\u00fcr unsere Schulleiterin, G\u00e4ste (Vertreter der Ausbildungsunternehmen), Lehrkr\u00e4fte und interessierte Klassen.<\/p>\n<p>Der herzlichen Begr\u00fc\u00dfung schloss sich unserer Schulleiterin \u2013 Frau OStD\u00b4 H\u00f6nninger \u2013 an, die insbesondere die Wertsch\u00e4tzung f\u00fcr die Unterst\u00fctzung der an diesem Projekt beteiligten Ausbildungsunternehmen bekundete.<\/p>\n<p>Im Anschluss pr\u00e4sentierte Frau Wosch das Projekt detailliert. Hier wurden Hintergr\u00fcnde, Zielsetzungen und erste Ergebnisse des Projekts vorgestellt. Die Anwesenden erhielten somit einen hervorragenden Einblick in die Entstehung und den Verlauf des Projekts.<\/p>\n<p>Einer der H\u00f6hepunkte der Ehrung war sicherlich die Pr\u00e4sentation der Sch\u00fclerinnen und Sch\u00fcler, welche eindrucksvoll und authentisch die positiven Auswirkungen des Auslandspraktikums hinsichtlich fachlicher Qualifikation, pers\u00f6nlicher Begegnungen, des Schlie\u00dfens von Freundschaften und interkultureller Erfahrungen darlegten. Die Anwesenden verfolgten aufmerksam die Ausf\u00fchrungen der Sch\u00fclerinnen und Sch\u00fcler, die ihre Begeisterung f\u00fcr das Projekt deutlich machten und so weitere Auszubildende f\u00fcr ein zuk\u00fcnftiges Praktikum gewinnen konnten. Frau Wosch merkte in diesem Zusammenhang an, dass dieses Auslandspraktikum im Rahmen des Erasmus+ Programms nahezu vollst\u00e4ndig refinanziert wird.<\/p>\n<p>Frau Wosch schloss die Veranstaltung mit einem feierlichen Abschlusswort, dankte noch einmal allen Mitwirkenden und verlieh die Zertifikate an die teilnehmenden Sch\u00fclerinnen und Sch\u00fcler.<\/p>\n<p>Im Anschluss bot sich die Gelegenheit f\u00fcr Erinnerungsbilder mit den beteiligten Unternehmen, welche die erfolgreiche Zusammenarbeit zwischen unserem Berufskolleg und der \u201ePraxis\u201c dokumentieren.<\/p>\n<p>Abschlie\u00dfend wurden die G\u00e4ste im Foyer zu einem gem\u00fctlichen Kaffee- und Kuchenempfang eingeladen. Hier konnten sie sich in entspannter Atmosph\u00e4re austauschen und die gemachten Erfahrungen Revue passieren lassen.<\/p>\n<p>Insgesamt war die Veranstaltung gepr\u00e4gt von einer gelungenen Mischung aus fachlicher Information, Wertsch\u00e4tzung und gem\u00fctlichem Beisammensein.<\/p>\n<p>Wilhelm Erling<\/p>\n<p>&nbsp;<\/p>\n<p><a href=\"https:\/\/www.k1-hagen.de\/index.php\/2025\/03\/24\/zertifikatsverleihung-erasmus-mobilitaet-2024-an-unsere-auszubildenden\/img-20250213-wa0001-2\/\" rel=\"attachment wp-att-2344\"><img loading=\"lazy\" decoding=\"async\" class=\"alignnone size-full wp-image-2344\" src=\"https:\/\/www.k1-hagen.de\/wp-content\/uploads\/2025\/03\/IMG-20250213-WA0001-1-scaled.jpeg\" alt=\"\" width=\"1920\" height=\"2560\" srcset=\"https:\/\/www.k1-hagen.de\/wp-content\/uploads\/2025\/03\/IMG-20250213-WA0001-1-scaled.jpeg 1920w, https:\/\/www.k1-hagen.de\/wp-content\/uploads\/2025\/03\/IMG-20250213-WA0001-1-225x300.jpeg 225w, https:\/\/www.k1-hagen.de\/wp-content\/uploads\/2025\/03\/IMG-20250213-WA0001-1-768x1024.jpeg 768w, https:\/\/www.k1-hagen.de\/wp-content\/uploads\/2025\/03\/IMG-20250213-WA0001-1-1152x1536.jpeg 1152w, https:\/\/www.k1-hagen.de\/wp-content\/uploads\/2025\/03\/IMG-20250213-WA0001-1-1536x2048.jpeg 1536w\" sizes=\"auto, (max-width: 1920px) 100vw, 1920px\" \/><\/a> <a href=\"https:\/\/www.k1-hagen.de\/index.php\/2025\/03\/24\/zertifikatsverleihung-erasmus-mobilitaet-2024-an-unsere-auszubildenden\/img-20250213-wa0003\/\" rel=\"attachment wp-att-2345\"><img loading=\"lazy\" decoding=\"async\" class=\"alignnone size-full wp-image-2345\" src=\"https:\/\/www.k1-hagen.de\/wp-content\/uploads\/2025\/03\/IMG-20250213-WA0003.jpeg\" alt=\"\" width=\"1200\" height=\"1600\" srcset=\"https:\/\/www.k1-hagen.de\/wp-content\/uploads\/2025\/03\/IMG-20250213-WA0003.jpeg 1200w, https:\/\/www.k1-hagen.de\/wp-content\/uploads\/2025\/03\/IMG-20250213-WA0003-225x300.jpeg 225w, https:\/\/www.k1-hagen.de\/wp-content\/uploads\/2025\/03\/IMG-20250213-WA0003-768x1024.jpeg 768w, https:\/\/www.k1-hagen.de\/wp-content\/uploads\/2025\/03\/IMG-20250213-WA0003-1152x1536.jpeg 1152w\" sizes=\"auto, (max-width: 1200px) 100vw, 1200px\" \/><\/a> <a href=\"https:\/\/www.k1-hagen.de\/index.php\/2025\/03\/24\/zertifikatsverleihung-erasmus-mobilitaet-2024-an-unsere-auszubildenden\/img-20250213-wa0002\/\" rel=\"attachment wp-att-2346\"><img loading=\"lazy\" decoding=\"async\" class=\"alignnone size-full wp-image-2346\" src=\"https:\/\/www.k1-hagen.de\/wp-content\/uploads\/2025\/03\/IMG-20250213-WA0002.jpeg\" alt=\"\" width=\"1200\" height=\"1600\" srcset=\"https:\/\/www.k1-hagen.de\/wp-content\/uploads\/2025\/03\/IMG-20250213-WA0002.jpeg 1200w, https:\/\/www.k1-hagen.de\/wp-content\/uploads\/2025\/03\/IMG-20250213-WA0002-225x300.jpeg 225w, https:\/\/www.k1-hagen.de\/wp-content\/uploads\/2025\/03\/IMG-20250213-WA0002-768x1024.jpeg 768w, https:\/\/www.k1-hagen.de\/wp-content\/uploads\/2025\/03\/IMG-20250213-WA0002-1152x1536.jpeg 1152w\" sizes=\"auto, (max-width: 1200px) 100vw, 1200px\" \/><\/a><\/p>\n","protected":false},"excerpt":{"rendered":"<p>Am 16. Januar 2025 fand in der Aula der Kaufmannsschule I die Zertifikatsverleihung &#8222;Erasmus+ Mobilit\u00e4t 2024&#8220; an unsere Sch\u00fclerinnen und Sch\u00fcler statt, die ein mehrw\u00f6chiges Praktikum bei den Unternehmen Eko Okna, Mieszko und Prosat&#46;&#46;&#46;<\/p>\n","protected":false},"author":1,"featured_media":2343,"comment_status":"closed","ping_status":"open","sticky":false,"template":"","format":"standard","meta":{"footnotes":""},"categories":[1],"tags":[],"class_list":["post-2339","post","type-post","status-publish","format-standard","has-post-thumbnail","hentry","category-uncategorized"],"_links":{"self":[{"href":"https:\/\/www.k1-hagen.de\/index.php\/wp-json\/wp\/v2\/posts\/2339","targetHints":{"allow":["GET"]}}],"collection":[{"href":"https:\/\/www.k1-hagen.de\/index.php\/wp-json\/wp\/v2\/posts"}],"about":[{"href":"https:\/\/www.k1-hagen.de\/index.php\/wp-json\/wp\/v2\/types\/post"}],"author":[{"embeddable":true,"href":"https:\/\/www.k1-hagen.de\/index.php\/wp-json\/wp\/v2\/users\/1"}],"replies":[{"embeddable":true,"href":"https:\/\/www.k1-hagen.de\/index.php\/wp-json\/wp\/v2\/comments?post=2339"}],"version-history":[{"count":2,"href":"https:\/\/www.k1-hagen.de\/index.php\/wp-json\/wp\/v2\/posts\/2339\/revisions"}],"predecessor-version":[{"id":2347,"href":"https:\/\/www.k1-hagen.de\/index.php\/wp-json\/wp\/v2\/posts\/2339\/revisions\/2347"}],"wp:featuredmedia":[{"embeddable":true,"href":"https:\/\/www.k1-hagen.de\/index.php\/wp-json\/wp\/v2\/media\/2343"}],"wp:attachment":[{"href":"https:\/\/www.k1-hagen.de\/index.php\/wp-json\/wp\/v2\/media?parent=2339"}],"wp:term":[{"taxonomy":"category","embeddable":true,"href":"https:\/\/www.k1-hagen.de\/index.php\/wp-json\/wp\/v2\/categories?post=2339"},{"taxonomy":"post_tag","embeddable":true,"href":"https:\/\/www.k1-hagen.de\/index.php\/wp-json\/wp\/v2\/tags?post=2339"}],"curies":[{"name":"wp","href":"https:\/\/api.w.org\/{rel}","templated":true}]}}