{"id":1903,"date":"2024-02-25T12:31:29","date_gmt":"2024-02-25T12:31:29","guid":{"rendered":"https:\/\/www.k1-hagen.de\/?p=1903"},"modified":"2024-02-28T08:42:13","modified_gmt":"2024-02-28T08:42:13","slug":"zertifikatsverleihung-erasmus-mobilitaet-2023","status":"publish","type":"post","link":"https:\/\/www.k1-hagen.de\/index.php\/2024\/02\/25\/zertifikatsverleihung-erasmus-mobilitaet-2023\/","title":{"rendered":"Zertifikatsverleihung &#8222;Erasmus+ Mobilit\u00e4t 2023&#8220; an Auszubildende zur Fachkraft f\u00fcr Lagerwirtschaft"},"content":{"rendered":"<p class=\"s15\" style=\"text-align: left;\"><span class=\"s14\"><span class=\"bumpedFont15\">Im Januar<\/span><\/span><span class=\"s14\"><span class=\"bumpedFont15\"> 2024 fand in der Aula der K1 die Zertifikatsverleihung &#8222;Erasmus+ Mobilit\u00e4t 2023&#8220; an unsere Sch\u00fclerinnen und Sch\u00fcler statt, die ein mehrw\u00f6chiges Praktikum bei der Fa. Eko okna in Ratibor (Polen) machten.<\/span><\/span><\/p>\n<p class=\"s15\"><span class=\"s14\"><span class=\"bumpedFont15\">Die Planung und Organisation dieser Veranstaltung erstreckte sich \u00fcber mehrere Tage, wobei verschiedenste Aufgaben von engagierten Sch\u00fclerinnen und Sch\u00fclern sowie Lehrkr\u00e4ften \u00fcbernommen wurden.<\/span><\/span><\/p>\n<p class=\"s15\"><span class=\"s14\"><span class=\"bumpedFont15\">Die Kollegin Marzena Wosch er\u00f6ffnete die Veranstaltung mit einer herzlichen Begr\u00fc\u00dfung verbunden mit den wichtigsten Informationen zur Veranstaltung f\u00fcr unsere Schulleiterin, G\u00e4ste (Ausbildungsvertreter), Lehrkr\u00e4ften und interessierten Klassen.<\/span><\/span><\/p>\n<p class=\"s15\"><span class=\"s14\"><span class=\"bumpedFont15\">Der herzlichen Begr\u00fc\u00dfung schloss sich unserer Schulleiterin \u2013 Frau H\u00f6nninger \u2013 an, die insbesondere die Wertsch\u00e4tzung f\u00fcr die Unterst\u00fctzung der an diesem Projekt beteiligten Ausbildungsbetrieben ausdr\u00fcckte.<\/span><\/span><\/p>\n<p class=\"s15\"><span class=\"s14\"><span class=\"bumpedFont15\">Im Anschluss pr\u00e4sentierte Marzena Wosch das Projekt detailliert. Hier wurden Hintergr\u00fcnde, Zielsetzungen und erste Ergebnisse des Projekts vorgestellt. Die Anwesenden erhielten somit einen hervorragenden Einblick in die Entstehung und den Verlauf des Projekts.<\/span><\/span><\/p>\n<p class=\"s15\"><span class=\"s14\"><span class=\"bumpedFont15\">Der H\u00f6hepunkt der Ehrung war zweifellos die Pr\u00e4sentation der Sch\u00fcler: Sarah, Marie, Daniel, Christian und Dennis. Ihre Folien zeigten den Fortschritt ihres Engagements und ihrer Erfahrungen hinsichtlich der positiven Auswirkungen des Auslandspraktikums hinsichtlich pers\u00f6nlicher Begegnungen, des Schlie\u00dfens von Freundschaften und interkultureller Erfahrungen. Die Anwesenden verfolgten aufmerksam die Ausf\u00fchrungen der Sch\u00fclerinnen und Sch\u00fcler, die ihre Begeisterung f\u00fcr das Projekt deutlich machten und so \u2013 hoffentlich \u2013 weitere Auszubildende f\u00fcr ein derartiges Praktikum gewinnen konnten und k\u00f6nnen. Frau Wosch merkte in diesem Zusammenhang an, dass ein derartiges Auslandspraktikum im Rahmen des Erasmus+-Programms nahezu vollst\u00e4ndig refinanziert wird.<\/span><\/span><\/p>\n<p class=\"s15\"><span class=\"s14\"><span class=\"bumpedFont15\">Marzena Wosch, Mira Brinkschulte und Claudia Lohse schlossen die Veranstaltung mit feierlichen Abschlussworten ab, dankten noch einmal allen Mitwirkenden und verliehen gemeinsam die Zertifikate an die teilnehmenden Sch\u00fclerinnen und Sch\u00fcler. <\/span><\/span><\/p>\n<p class=\"s15\"><span class=\"s14\"><span class=\"bumpedFont15\">Im Anschluss bot sich die Gelegenheit f\u00fcr Erinnerungsbilder mit den beteiligten Betrieben, welche die erfolgreiche Zusammenarbeit zwischen (unserer) Schule und (der) Praxis dokumentieren.<\/span><\/span><\/p>\n<p class=\"s15\"><span class=\"s14\"><span class=\"bumpedFont15\">Abschlie\u00dfend wurden die G\u00e4ste im Foyer zu einem gem\u00fctlichen Kaffee- und Kuchenempfang eingeladen. Hier konnten sie sich in entspannter Atmosph\u00e4re austauschen und den erfolgreichen Tag Revue passieren lassen.<\/span><\/span><\/p>\n<p class=\"s15\"><span class=\"s14\"><span class=\"bumpedFont15\">Insgesamt war die Veranstaltung gepr\u00e4gt von einer gelungenen Mischung aus fachlicher Information, Wertsch\u00e4tzung und gem\u00fctlichem Beisammensein.<\/span><\/span><\/p>\n<p class=\"s15\"><span class=\"s14\"><span class=\"bumpedFont15\">Wilhelm Erling<\/span><\/span><\/p>\n<p><img loading=\"lazy\" decoding=\"async\" class=\"alignnone size-full wp-image-1904\" src=\"https:\/\/www.k1-hagen.de\/wp-content\/uploads\/2024\/02\/WhatsApp-Bild-2024-01-11-um-11.37.46_f68a46ca.jpeg\" alt=\"\" width=\"1600\" height=\"1200\" srcset=\"https:\/\/www.k1-hagen.de\/wp-content\/uploads\/2024\/02\/WhatsApp-Bild-2024-01-11-um-11.37.46_f68a46ca.jpeg 1600w, https:\/\/www.k1-hagen.de\/wp-content\/uploads\/2024\/02\/WhatsApp-Bild-2024-01-11-um-11.37.46_f68a46ca-300x225.jpeg 300w, https:\/\/www.k1-hagen.de\/wp-content\/uploads\/2024\/02\/WhatsApp-Bild-2024-01-11-um-11.37.46_f68a46ca-1024x768.jpeg 1024w, https:\/\/www.k1-hagen.de\/wp-content\/uploads\/2024\/02\/WhatsApp-Bild-2024-01-11-um-11.37.46_f68a46ca-768x576.jpeg 768w, https:\/\/www.k1-hagen.de\/wp-content\/uploads\/2024\/02\/WhatsApp-Bild-2024-01-11-um-11.37.46_f68a46ca-1536x1152.jpeg 1536w\" sizes=\"auto, (max-width: 1600px) 100vw, 1600px\" \/><\/p>\n<p>&nbsp;<\/p>\n<p><img loading=\"lazy\" decoding=\"async\" class=\"alignnone size-full wp-image-1905\" src=\"https:\/\/www.k1-hagen.de\/wp-content\/uploads\/2024\/02\/WhatsApp-Bild-2024-01-10-um-20.43.52_c229b90a.jpeg\" alt=\"\" width=\"2000\" height=\"1125\" srcset=\"https:\/\/www.k1-hagen.de\/wp-content\/uploads\/2024\/02\/WhatsApp-Bild-2024-01-10-um-20.43.52_c229b90a.jpeg 2000w, https:\/\/www.k1-hagen.de\/wp-content\/uploads\/2024\/02\/WhatsApp-Bild-2024-01-10-um-20.43.52_c229b90a-300x169.jpeg 300w, https:\/\/www.k1-hagen.de\/wp-content\/uploads\/2024\/02\/WhatsApp-Bild-2024-01-10-um-20.43.52_c229b90a-1024x576.jpeg 1024w, https:\/\/www.k1-hagen.de\/wp-content\/uploads\/2024\/02\/WhatsApp-Bild-2024-01-10-um-20.43.52_c229b90a-768x432.jpeg 768w, https:\/\/www.k1-hagen.de\/wp-content\/uploads\/2024\/02\/WhatsApp-Bild-2024-01-10-um-20.43.52_c229b90a-1536x864.jpeg 1536w\" sizes=\"auto, (max-width: 2000px) 100vw, 2000px\" \/><\/p>\n<p>&nbsp;<\/p>\n","protected":false},"excerpt":{"rendered":"<p>Im Januar 2024 fand in der Aula der K1 die Zertifikatsverleihung &#8222;Erasmus+ Mobilit\u00e4t 2023&#8220; an unsere Sch\u00fclerinnen und Sch\u00fcler statt, die ein mehrw\u00f6chiges Praktikum bei der Fa. Eko okna in Ratibor (Polen) machten. Die&#46;&#46;&#46;<\/p>\n","protected":false},"author":1,"featured_media":1904,"comment_status":"open","ping_status":"open","sticky":false,"template":"","format":"standard","meta":{"footnotes":""},"categories":[1],"tags":[],"class_list":["post-1903","post","type-post","status-publish","format-standard","has-post-thumbnail","hentry","category-uncategorized"],"_links":{"self":[{"href":"https:\/\/www.k1-hagen.de\/index.php\/wp-json\/wp\/v2\/posts\/1903","targetHints":{"allow":["GET"]}}],"collection":[{"href":"https:\/\/www.k1-hagen.de\/index.php\/wp-json\/wp\/v2\/posts"}],"about":[{"href":"https:\/\/www.k1-hagen.de\/index.php\/wp-json\/wp\/v2\/types\/post"}],"author":[{"embeddable":true,"href":"https:\/\/www.k1-hagen.de\/index.php\/wp-json\/wp\/v2\/users\/1"}],"replies":[{"embeddable":true,"href":"https:\/\/www.k1-hagen.de\/index.php\/wp-json\/wp\/v2\/comments?post=1903"}],"version-history":[{"count":5,"href":"https:\/\/www.k1-hagen.de\/index.php\/wp-json\/wp\/v2\/posts\/1903\/revisions"}],"predecessor-version":[{"id":1912,"href":"https:\/\/www.k1-hagen.de\/index.php\/wp-json\/wp\/v2\/posts\/1903\/revisions\/1912"}],"wp:featuredmedia":[{"embeddable":true,"href":"https:\/\/www.k1-hagen.de\/index.php\/wp-json\/wp\/v2\/media\/1904"}],"wp:attachment":[{"href":"https:\/\/www.k1-hagen.de\/index.php\/wp-json\/wp\/v2\/media?parent=1903"}],"wp:term":[{"taxonomy":"category","embeddable":true,"href":"https:\/\/www.k1-hagen.de\/index.php\/wp-json\/wp\/v2\/categories?post=1903"},{"taxonomy":"post_tag","embeddable":true,"href":"https:\/\/www.k1-hagen.de\/index.php\/wp-json\/wp\/v2\/tags?post=1903"}],"curies":[{"name":"wp","href":"https:\/\/api.w.org\/{rel}","templated":true}]}}