{"id":1900,"date":"2024-02-22T06:20:29","date_gmt":"2024-02-22T06:20:29","guid":{"rendered":"https:\/\/www.k1-hagen.de\/?p=1900"},"modified":"2024-02-22T06:20:29","modified_gmt":"2024-02-22T06:20:29","slug":"klassenfahrt-nach-krakau","status":"publish","type":"post","link":"https:\/\/www.k1-hagen.de\/index.php\/2024\/02\/22\/klassenfahrt-nach-krakau\/","title":{"rendered":"Klassenfahrt nach Krakau"},"content":{"rendered":"<p style=\"font-weight: 400;\">Vom 05. bis zum 09. Februar 2024 hatten die Sch\u00fclerinnen und Sch\u00fcler der Klassen C23A, C22A und IB22A und die Lehrkr\u00e4fte Marzena Wosch, Lennart Velten und K\u00fcbra Odabasi die Gelegenheit, an einer bewegenden Gedenkst\u00e4ttenfahrt nach Krakau teilzunehmen. Die Reise war nicht nur eine M\u00f6glichkeit, historische St\u00e4tten zu besichtigen, sondern auch eine tiefgreifende Erfahrung, die uns nachhaltig pr\u00e4gen wird.<\/p>\n<p style=\"font-weight: 400;\">Am Montag, dem Anreisetag, starteten wir unsere Reise mit einem Flug von D\u00fcsseldorf nach Krakau. Nach unserer Ankunft wurden wir zu unserer Unterkunft gebracht, wo wir uns auf die kommenden Tage vorbereiteten.<\/p>\n<p style=\"font-weight: 400;\">Am Dienstag begannen wir mit einer faszinierenden Stadtf\u00fchrung durch Krakau. Wir besuchten die imposanten Tuchhallen am Marktplatz, bestaunten die ber\u00fchmte Marienkirche und erfuhren mehr \u00fcber die Geschichte der alten Universit\u00e4t von Krakau. Diese historischen Orte gaben uns einen Einblick in die reiche Kultur und Tradition der Stadt.<\/p>\n<p style=\"font-weight: 400;\">Am Mittwoch stand eine F\u00fchrung durch den eindrucksvollen Stadtteil Kazimierz auf dem Programm. Wir besuchten die Synagogen und erkundeten die engen Gassen, die von einer bewegten Vergangenheit zeugen. Der H\u00f6hepunkt des Tages war der Besuch in Oskar Schindlers Fabrik, wo wir tiefe Einblicke in die Schrecken des Holocausts erhielten und die heldenhaften Taten von Schindler w\u00fcrdigten.<\/p>\n<p style=\"font-weight: 400;\">Am Donnerstag war zweifellos der emotionalste Tag unserer Reise. Wir besuchten das Konzentrationslager Auschwitz und das Vernichtungslager Birkenau. Die bedr\u00fcckende Atmosph\u00e4re und die grausamen \u00dcberreste dieser Orte lie\u00dfen uns verstummen und nachdenken. Wir wurden mit den Schrecken der Vergangenheit konfrontiert und versuchten, die unvorstellbaren Ereignisse zu begreifen, die sich an diesem Ort abspielten.<\/p>\n<p style=\"font-weight: 400;\">Am Freitag war es Zeit, Abschied von Krakau zu nehmen. W\u00e4hrend wir uns auf den R\u00fcckflug nach D\u00fcsseldorf vorbereiteten, reflektierten wir \u00fcber die vergangenen Tage. Die Gedenkst\u00e4ttenfahrt hat uns nicht nur historisches Wissen vermittelt, sondern auch eine tiefe emotionale Wirkung hinterlassen. Wir kehren mit einem erweiterten Verst\u00e4ndnis f\u00fcr die Bedeutung von Erinnerung und Toleranz zur\u00fcck und sind dankbar f\u00fcr diese unvergessliche Erfahrung.<\/p>\n<p style=\"font-weight: 400;\">Die Gedenkst\u00e4ttenfahrt nach Krakau wird uns als eine der bedeutendsten und bewegendsten Erfahrungen unserer Schulzeit in Erinnerung bleiben.<\/p>\n<p style=\"font-weight: 400;\">K\u00fcbra Odabasi<\/p>\n<p style=\"font-weight: 400;\">Berufskolleg der Stadt Hagen Kaufmannsschule I<\/p>\n","protected":false},"excerpt":{"rendered":"<p>Vom 05. bis zum 09. Februar 2024 hatten die Sch\u00fclerinnen und Sch\u00fcler der Klassen C23A, C22A und IB22A und die Lehrkr\u00e4fte Marzena Wosch, Lennart Velten und K\u00fcbra Odabasi die Gelegenheit, an einer bewegenden Gedenkst\u00e4ttenfahrt&#46;&#46;&#46;<\/p>\n","protected":false},"author":1,"featured_media":1901,"comment_status":"open","ping_status":"open","sticky":false,"template":"","format":"standard","meta":{"footnotes":""},"categories":[1],"tags":[],"class_list":["post-1900","post","type-post","status-publish","format-standard","has-post-thumbnail","hentry","category-uncategorized"],"_links":{"self":[{"href":"https:\/\/www.k1-hagen.de\/index.php\/wp-json\/wp\/v2\/posts\/1900","targetHints":{"allow":["GET"]}}],"collection":[{"href":"https:\/\/www.k1-hagen.de\/index.php\/wp-json\/wp\/v2\/posts"}],"about":[{"href":"https:\/\/www.k1-hagen.de\/index.php\/wp-json\/wp\/v2\/types\/post"}],"author":[{"embeddable":true,"href":"https:\/\/www.k1-hagen.de\/index.php\/wp-json\/wp\/v2\/users\/1"}],"replies":[{"embeddable":true,"href":"https:\/\/www.k1-hagen.de\/index.php\/wp-json\/wp\/v2\/comments?post=1900"}],"version-history":[{"count":1,"href":"https:\/\/www.k1-hagen.de\/index.php\/wp-json\/wp\/v2\/posts\/1900\/revisions"}],"predecessor-version":[{"id":1902,"href":"https:\/\/www.k1-hagen.de\/index.php\/wp-json\/wp\/v2\/posts\/1900\/revisions\/1902"}],"wp:featuredmedia":[{"embeddable":true,"href":"https:\/\/www.k1-hagen.de\/index.php\/wp-json\/wp\/v2\/media\/1901"}],"wp:attachment":[{"href":"https:\/\/www.k1-hagen.de\/index.php\/wp-json\/wp\/v2\/media?parent=1900"}],"wp:term":[{"taxonomy":"category","embeddable":true,"href":"https:\/\/www.k1-hagen.de\/index.php\/wp-json\/wp\/v2\/categories?post=1900"},{"taxonomy":"post_tag","embeddable":true,"href":"https:\/\/www.k1-hagen.de\/index.php\/wp-json\/wp\/v2\/tags?post=1900"}],"curies":[{"name":"wp","href":"https:\/\/api.w.org\/{rel}","templated":true}]}}