{"id":1611,"date":"2023-05-16T06:18:04","date_gmt":"2023-05-16T06:18:04","guid":{"rendered":"https:\/\/www.k1-hagen.de\/?p=1611"},"modified":"2023-05-24T12:05:32","modified_gmt":"2023-05-24T12:05:32","slug":"europa-to-go-europawoche-vom-22-05-bis-26-05-2023","status":"publish","type":"post","link":"https:\/\/www.k1-hagen.de\/index.php\/2023\/05\/16\/europa-to-go-europawoche-vom-22-05-bis-26-05-2023\/","title":{"rendered":"\u201eEuropa to go!\u201c &#8211; Europawoche vom 22.05. bis 26.05.2023"},"content":{"rendered":"<table class=\"forumpost\" border=\"0\" cellspacing=\"0\" cellpadding=\"3\">\n<tbody>\n<tr>\n<td class=\"content\">\n<p style=\"text-align: left;\" align=\"center\"><b>Wir begr\u00fc\u00dfen Sie herzlich zur Europawoche 2023 <span dir=\"ltr\">vom 22.05. bis zum 26.05.2023<\/span> unter dem Motto: Europa to go!<\/b><\/p>\n<p style=\"text-align: left;\">Der Wettbewerb zu den Europawochen 2023 unterst\u00fctzt die vertiefte Auseinandersetzung mit europ\u00e4ischen Themen und verfolgt das Ziel, den Europagedanken zu st\u00e4rken und die Menschen in unserem Land \u00fcber europ\u00e4ische Themen zu informieren. Um Europa noch attraktiver zu machen f\u00fcr die, die etwas k\u00f6nnen und sich einbringen wollen, hat die EU-Kommission beschlossen, dass 2023 das Europ\u00e4ische Themenjahr der Kompetenzen bzw. der Aus- und Weiterbildung werden soll. Es soll ma\u00dfgeblich in die Aus- und Weiterbildung investiert werden und Fachkr\u00e4fte sollen noch besser integriert werden. Zudem soll Europa fit werden f\u00fcr die digitale Lebens- und Arbeitswelt in der Zukunft.<\/p>\n<p style=\"text-align: left;\">Die Europawochen sollen dieses Jahr dazu anregen, Ideen, W\u00fcnsche und neue L\u00f6sungsans\u00e4tze der EU-B\u00fcrger zu finden, um Europa innovativer zu gestalten.<\/p>\n<p style=\"text-align: left;\">Daher haben sich unsere Sch\u00fcler und Sch\u00fclerinnen an diesem Wettbewerb kr\u00e4ftig beteiligt. Das Ergebnis kann man sich in wislearnplus unter <a href=\"https:\/\/k1-wislearn.lms.schulon.org\/course\/view.php?id=2317\">https:\/\/k1-wislearn.lms.schulon.org\/course\/view.php?id=2317<\/a>\u00a0\u00a0oder auf Instagram (Europa to go) anschauen.<\/p>\n<p style=\"text-align: left;\">Wir laden Sie herzlich ein, die Europawoche an unserer Schule aktiv mitzuerleben.<\/p>\n<p style=\"text-align: left;\">1. W\u00e4hlen Sie eine Pr\u00e4sentation, einen Podcast oder ein Video aus und starten Sie ein interessantes Gespr\u00e4ch im Klassenraum. Nutzen Sie dabei die drei Themen:<\/p>\n<p style=\"text-align: left;\">&#8211;\u00a0<i>Die EU und die digitale Arbeits- und Bildungswelt: Wie leben und lernen wir im Europa von morgen?<\/i><\/p>\n<p style=\"text-align: left;\">&#8211;\u00a0<i>Mobil in Europa: Wie kann die EU attraktiver f\u00fcr Fachkr\u00e4fte werden? Wo und wie m\u00f6chten Sie in Europa arbeiten?<\/i><\/p>\n<p style=\"text-align: left;\">&#8211;\u00a0<i>Bildung europaweit: Wie kann die EU lebenslanges Lernen f\u00f6rdern? Lebenslanges Lernen \u2013 weit mehr als Schule und Bildungseinrichtungen.<\/i><\/p>\n<p style=\"text-align: left;\">2. Halten Sie die Ergebnisse dieses Gespr\u00e4chs mit kleinen Notizen fest und pinnen Sie sie an den Tafeln in den Fluren an. Diese haben wir mit Informationen \u00fcber Europa dekoriert. Sie sind, hoffen wir, nicht zu \u00fcbersehen.<\/p>\n<p style=\"text-align: left;\">3. <span dir=\"ltr\">Vom Montag bis zum Donnerstag<\/span> von 8:00 bis 11:25 Uhr bieten wir eine gem\u00fctliche Atmosph\u00e4re in unserem Caf\u00e9 Europa an. Kommen Sie bitte mit Ihren Klassen vorbei, lernen Sie neue Sprachen, Kulturen und Traditionen kennen. Melden Sie sich bitte rechtzeitig an. (Ausgang im LZ). Wir k\u00f6nnen pro Stunde nur eine Klasse bedienen. In den Pausen sind wir f\u00fcr alle da. \u00a0Das Caf\u00e9 Europa finden Sie im SV-Raum. \u00dcber zahlreiche Besuche freuen wir uns sehr!<\/p>\n<p style=\"text-align: left;\">4. In wislearnplus im Kurs Europawoche 2023 finden Sie eine sch\u00f6ne Anleitung von unserer Kollegin Claudia Lohse, wie man den Sch\u00fclerinnen und Sch\u00fclern beim \u201eEuropass\u201c helfen kann. Vielleicht w\u00e4re das w\u00e4hrend der Europawoche 2023 eine sch\u00f6ne Idee f\u00fcr den Unterricht.<\/p>\n<p style=\"text-align: left;\">3. <span dir=\"ltr\">Am Freitag, 26.05.2023<\/span>, wollen wir eine kleine Freundschaftskette vor der Schule bilden und das Ereignis mit einer Drohne aufnehmen. Wer dabei sein m\u00f6chte, teile uns (Kollegin Wosch) das bitte mit (Einverst\u00e4ndniserkl\u00e4rungen k\u00f6nnen Sie bei uns abholen).<\/p>\n<p style=\"text-align: left;\">Wir w\u00fcnschen Ihnen viel Spa\u00df!!!<\/p>\n<p style=\"text-align: left;\">Marzena Wosch, Mira Brinkschulte, Claudia Lohse, Tatiana Beck, Wilhelm Erling und Lennart Velten<\/p>\n<p><img loading=\"lazy\" decoding=\"async\" class=\"alignnone size-large wp-image-1620\" src=\"https:\/\/www.k1-hagen.de\/wp-content\/uploads\/2023\/05\/Poster-Europawoche-Insta-2-724x1024.jpg\" alt=\"\" width=\"724\" height=\"1024\" srcset=\"https:\/\/www.k1-hagen.de\/wp-content\/uploads\/2023\/05\/Poster-Europawoche-Insta-2-724x1024.jpg 724w, https:\/\/www.k1-hagen.de\/wp-content\/uploads\/2023\/05\/Poster-Europawoche-Insta-2-212x300.jpg 212w, https:\/\/www.k1-hagen.de\/wp-content\/uploads\/2023\/05\/Poster-Europawoche-Insta-2-768x1086.jpg 768w, https:\/\/www.k1-hagen.de\/wp-content\/uploads\/2023\/05\/Poster-Europawoche-Insta-2-1086x1536.jpg 1086w, https:\/\/www.k1-hagen.de\/wp-content\/uploads\/2023\/05\/Poster-Europawoche-Insta-2.jpg 1240w\" sizes=\"auto, (max-width: 724px) 100vw, 724px\" \/><\/td>\n<\/tr>\n<\/tbody>\n<\/table>\n","protected":false},"excerpt":{"rendered":"<p>Wir begr\u00fc\u00dfen Sie herzlich zur Europawoche 2023 vom 22.05. bis zum 26.05.2023 unter dem Motto: Europa to go! Der Wettbewerb zu den Europawochen 2023 unterst\u00fctzt die vertiefte Auseinandersetzung mit europ\u00e4ischen Themen und verfolgt das&#46;&#46;&#46;<\/p>\n","protected":false},"author":1,"featured_media":1494,"comment_status":"open","ping_status":"open","sticky":false,"template":"","format":"standard","meta":{"footnotes":""},"categories":[1],"tags":[],"class_list":["post-1611","post","type-post","status-publish","format-standard","has-post-thumbnail","hentry","category-uncategorized"],"_links":{"self":[{"href":"https:\/\/www.k1-hagen.de\/index.php\/wp-json\/wp\/v2\/posts\/1611","targetHints":{"allow":["GET"]}}],"collection":[{"href":"https:\/\/www.k1-hagen.de\/index.php\/wp-json\/wp\/v2\/posts"}],"about":[{"href":"https:\/\/www.k1-hagen.de\/index.php\/wp-json\/wp\/v2\/types\/post"}],"author":[{"embeddable":true,"href":"https:\/\/www.k1-hagen.de\/index.php\/wp-json\/wp\/v2\/users\/1"}],"replies":[{"embeddable":true,"href":"https:\/\/www.k1-hagen.de\/index.php\/wp-json\/wp\/v2\/comments?post=1611"}],"version-history":[{"count":6,"href":"https:\/\/www.k1-hagen.de\/index.php\/wp-json\/wp\/v2\/posts\/1611\/revisions"}],"predecessor-version":[{"id":1621,"href":"https:\/\/www.k1-hagen.de\/index.php\/wp-json\/wp\/v2\/posts\/1611\/revisions\/1621"}],"wp:featuredmedia":[{"embeddable":true,"href":"https:\/\/www.k1-hagen.de\/index.php\/wp-json\/wp\/v2\/media\/1494"}],"wp:attachment":[{"href":"https:\/\/www.k1-hagen.de\/index.php\/wp-json\/wp\/v2\/media?parent=1611"}],"wp:term":[{"taxonomy":"category","embeddable":true,"href":"https:\/\/www.k1-hagen.de\/index.php\/wp-json\/wp\/v2\/categories?post=1611"},{"taxonomy":"post_tag","embeddable":true,"href":"https:\/\/www.k1-hagen.de\/index.php\/wp-json\/wp\/v2\/tags?post=1611"}],"curies":[{"name":"wp","href":"https:\/\/api.w.org\/{rel}","templated":true}]}}