{"id":1519,"date":"2023-02-24T07:54:10","date_gmt":"2023-02-24T07:54:10","guid":{"rendered":"https:\/\/www.k1-hagen.de\/?p=1519"},"modified":"2023-03-24T16:49:23","modified_gmt":"2023-03-24T16:49:23","slug":"gedenkstaettenfahrt-nach-krakau","status":"publish","type":"post","link":"https:\/\/www.k1-hagen.de\/index.php\/2023\/02\/24\/gedenkstaettenfahrt-nach-krakau\/","title":{"rendered":"Gedenkst\u00e4ttenfahrt nach Krakau"},"content":{"rendered":"<p style=\"font-weight: 400;\">Sch\u00fcler und Sch\u00fclerinnen aus der Internationalen F\u00f6rderklasse und der Berufschulklasse \u201eE-Commerce\u201c besuchen gemeinsam Krakau<\/p>\n<p style=\"font-weight: 400;\">Die Vorbereitung der Klassenfahrt fand lange vor der eigentlichen Reise statt. Schon kurz nach Beginn des Schuljahres wurde eine m\u00f6gliche Klassenfahrt nach Krakau thematisiert &#8211; die Sch\u00fclerinnen und Sch\u00fcler waren von dieser Idee begeistert! Sie begannen in arbeitsteiligen Gruppen Hotelpreise und Fl\u00fcge zu vergleichen, ein Fahrtenprogramm \u2013 insbesondere im Hinblick auf eine Gedenkst\u00e4ttenfahrt (KZ Auschwitz) &#8211; zu entwickeln, m\u00f6gliche Versicherungsfragen und die Finanzierung zu kl\u00e4ren. Weiter entwickelten sie Ideen rund um die Planung von Handlungsprodukten, wie zum Beispiel die Erstellung einer Instagram-Story, eines Podcasts und Reiseblogs.<\/p>\n<p style=\"font-weight: 400;\"><img loading=\"lazy\" decoding=\"async\" class=\"size-medium wp-image-1525 alignleft\" src=\"https:\/\/www.k1-hagen.de\/wp-content\/uploads\/2023\/02\/17F6146F-9E6A-4E06-92D8-A5175CE4E15B-225x300.jpeg\" alt=\"\" width=\"225\" height=\"300\" srcset=\"https:\/\/www.k1-hagen.de\/wp-content\/uploads\/2023\/02\/17F6146F-9E6A-4E06-92D8-A5175CE4E15B-225x300.jpeg 225w, https:\/\/www.k1-hagen.de\/wp-content\/uploads\/2023\/02\/17F6146F-9E6A-4E06-92D8-A5175CE4E15B-768x1024.jpeg 768w, https:\/\/www.k1-hagen.de\/wp-content\/uploads\/2023\/02\/17F6146F-9E6A-4E06-92D8-A5175CE4E15B-1152x1536.jpeg 1152w, https:\/\/www.k1-hagen.de\/wp-content\/uploads\/2023\/02\/17F6146F-9E6A-4E06-92D8-A5175CE4E15B.jpeg 1500w\" sizes=\"auto, (max-width: 225px) 100vw, 225px\" \/>Um die finanziellen Belastungen der Lernenden m\u00f6glichst gering zu halten, unterst\u00fctzten mehrere Ausbildungsunternehmen das Vorhaben. Des Weiteren fragten die Sch\u00fclerinnen und Sch\u00fcler bei mehreren Stiftungen an.<\/p>\n<p style=\"font-weight: 400;\">Nach einschl\u00e4giger Suche wurde an die Sanddorf-Stiftung ein Antrag zur finanziellen Unterst\u00fctzung gestellt. Die Sanddorf-Stiftung unterst\u00fctzt unter anderem Projekte, welche sich mit der Pflege der Beziehungen zwischen verschiedenen L\u00e4ndern und Kulturkreisen, besonders mit den deutsch-polnischen Beziehungen, besch\u00e4ftigen.<\/p>\n<p style=\"font-weight: 400;\">Unsere Anfrage wurde seitens der Sanddorf-Stiftung positiv beschieden und einer Fahrt stand somit nichts mehr im Wege!<\/p>\n<p><img loading=\"lazy\" decoding=\"async\" class=\"size-medium wp-image-1524 alignright\" src=\"https:\/\/www.k1-hagen.de\/wp-content\/uploads\/2023\/02\/3703BD96-311B-4A48-B25A-F77EFD8DA183-300x169.jpeg\" alt=\"\" width=\"300\" height=\"169\" srcset=\"https:\/\/www.k1-hagen.de\/wp-content\/uploads\/2023\/02\/3703BD96-311B-4A48-B25A-F77EFD8DA183-300x169.jpeg 300w, https:\/\/www.k1-hagen.de\/wp-content\/uploads\/2023\/02\/3703BD96-311B-4A48-B25A-F77EFD8DA183-1024x575.jpeg 1024w, https:\/\/www.k1-hagen.de\/wp-content\/uploads\/2023\/02\/3703BD96-311B-4A48-B25A-F77EFD8DA183-768x432.jpeg 768w, https:\/\/www.k1-hagen.de\/wp-content\/uploads\/2023\/02\/3703BD96-311B-4A48-B25A-F77EFD8DA183-1536x863.jpeg 1536w, https:\/\/www.k1-hagen.de\/wp-content\/uploads\/2023\/02\/3703BD96-311B-4A48-B25A-F77EFD8DA183.jpeg 1600w\" sizes=\"auto, (max-width: 300px) 100vw, 300px\" \/>Los ging es am 6. Februar 2023 vom Flughafen Dortmund. Am darauffolgenden Tag kam es zum Treffen mit den Kolleginnen unserer Partnerschule und ihren Sch\u00fclerinnen und Sch\u00fclern und einer gemeinsamen \u201eStadtrallye\u201c zur Erkundung der Sehensw\u00fcrdigkeiten Krakaus.<\/p>\n<p style=\"font-weight: 400;\"><img loading=\"lazy\" decoding=\"async\" class=\"size-medium wp-image-1522 alignleft\" src=\"https:\/\/www.k1-hagen.de\/wp-content\/uploads\/2023\/02\/658AF468-23B9-475B-8FBA-9C2C163430F9-300x169.jpeg\" alt=\"\" width=\"300\" height=\"169\" srcset=\"https:\/\/www.k1-hagen.de\/wp-content\/uploads\/2023\/02\/658AF468-23B9-475B-8FBA-9C2C163430F9-300x169.jpeg 300w, https:\/\/www.k1-hagen.de\/wp-content\/uploads\/2023\/02\/658AF468-23B9-475B-8FBA-9C2C163430F9-1024x576.jpeg 1024w, https:\/\/www.k1-hagen.de\/wp-content\/uploads\/2023\/02\/658AF468-23B9-475B-8FBA-9C2C163430F9-768x432.jpeg 768w, https:\/\/www.k1-hagen.de\/wp-content\/uploads\/2023\/02\/658AF468-23B9-475B-8FBA-9C2C163430F9-1536x864.jpeg 1536w, https:\/\/www.k1-hagen.de\/wp-content\/uploads\/2023\/02\/658AF468-23B9-475B-8FBA-9C2C163430F9.jpeg 2048w\" sizes=\"auto, (max-width: 300px) 100vw, 300px\" \/>Am n\u00e4chsten Tag galt es, Spuren des j\u00fcdischen Lebens zu erkunden sowie interessante Einblicke in das j\u00fcdische Leben und die j\u00fcdische Kultur zu bekommen (Mesusa, Begr\u00e4bnisrituale der Juden, \u2026). Ziel war das Schindler-Museum, in dem eindrucksvoll das Leiden der j\u00fcdischen Bev\u00f6lkerung im Dritten Reich erfahrbar gemacht wurde.<\/p>\n<p style=\"font-weight: 400;\"><img loading=\"lazy\" decoding=\"async\" class=\"size-medium wp-image-1520 alignright\" src=\"https:\/\/www.k1-hagen.de\/wp-content\/uploads\/2023\/02\/4F5523BF-8A7C-4728-B503-6B63294F988E-300x225.jpeg\" alt=\"\" width=\"300\" height=\"225\" srcset=\"https:\/\/www.k1-hagen.de\/wp-content\/uploads\/2023\/02\/4F5523BF-8A7C-4728-B503-6B63294F988E-300x225.jpeg 300w, https:\/\/www.k1-hagen.de\/wp-content\/uploads\/2023\/02\/4F5523BF-8A7C-4728-B503-6B63294F988E-768x576.jpeg 768w, https:\/\/www.k1-hagen.de\/wp-content\/uploads\/2023\/02\/4F5523BF-8A7C-4728-B503-6B63294F988E.jpeg 1024w\" sizes=\"auto, (max-width: 300px) 100vw, 300px\" \/>Am vorletzten Tag gemeinsame Fahrt zum KZ Ausschwitz, wo die Sch\u00fclerinnen und Sch\u00fcler mit gro\u00dfem Respekt und gro\u00dfer Demut die emotionale Wirkung dieses historischen Ortes erlebten, der uns das Nicht-Vergessen lehrt, damit sich die Geschichte in gegenw\u00e4rtigen und zuk\u00fcnftigenGenerationen nicht wiederholen m\u00f6ge (&#8222;THOSE WHO DO NOT REMEMBER THE PAST ARE CONDEMNED TO REPEAT IT\u201c &#8211; GEORGE SANTAYANA).<\/p>\n<p style=\"font-weight: 400;\">Eine kleine Gruppe von Kolleginnen und einem Kollegen nutzte die Zeit zum Arbeitsbesuch der polnischen Partnerschule in Raciborz und des Unternehmens Eko-Okna S.A. (f\u00fchrender Fensterhersteller in Polen), um potenzielle Praktikumspl\u00e4tze f\u00fcr unsere Sch\u00fclerinnen und Sch\u00fcler der Bildungsg\u00e4nge Fachkraft f\u00fcr Lagerlogistik, Fachlagerist\/-in und ggf. Kauffrau\/-mann im E-Commerce zu finden und einen regelm\u00e4\u00dfigen Austausch anzubahnen.<\/p>\n<p>Am letzten Tag, 10. Februar 2023 \u2013 wie immer &#8211; gemeinsames Fr\u00fchst\u00fcck und ein \u201eDo zobaczenia Krakau!\u201c \u2013 wir kommen wieder!<\/p>\n<p>Hier geht es zur Podcastfolge &#8222;Neues Lernen, Alte Schule &#8211; Klassenfahrt nach Krakau &amp; Auschwitz&#8220;<\/p>\n<p><iframe loading=\"lazy\" src=\"https:\/\/anchor.fm\/lennart-miguel\/embed\/episodes\/Klassenfahrt-nach-Krakau--Auschwitz-Schlerinnenfolge-e1uqc30\/a-a9co1ob\" width=\"400px\" height=\"102px\" frameborder=\"0\" scrolling=\"no\"><\/iframe><\/p>\n<p><img loading=\"lazy\" decoding=\"async\" class=\"alignnone size-medium wp-image-1521\" src=\"https:\/\/www.k1-hagen.de\/wp-content\/uploads\/2023\/02\/DFB4C7ED-4221-488F-833C-2C8AF30036F6-225x300.jpeg\" alt=\"\" width=\"225\" height=\"300\" srcset=\"https:\/\/www.k1-hagen.de\/wp-content\/uploads\/2023\/02\/DFB4C7ED-4221-488F-833C-2C8AF30036F6-225x300.jpeg 225w, https:\/\/www.k1-hagen.de\/wp-content\/uploads\/2023\/02\/DFB4C7ED-4221-488F-833C-2C8AF30036F6-rotated.jpeg 768w\" sizes=\"auto, (max-width: 225px) 100vw, 225px\" \/>\u00a0 \u00a0 \u00a0 \u00a0 <img loading=\"lazy\" decoding=\"async\" class=\"alignnone size-medium wp-image-1523\" src=\"https:\/\/www.k1-hagen.de\/wp-content\/uploads\/2023\/02\/75DC7C24-91CA-4F07-ADA8-AC1FE56211A7-225x300.jpeg\" alt=\"\" width=\"225\" height=\"300\" srcset=\"https:\/\/www.k1-hagen.de\/wp-content\/uploads\/2023\/02\/75DC7C24-91CA-4F07-ADA8-AC1FE56211A7-225x300.jpeg 225w, https:\/\/www.k1-hagen.de\/wp-content\/uploads\/2023\/02\/75DC7C24-91CA-4F07-ADA8-AC1FE56211A7-768x1024.jpeg 768w, https:\/\/www.k1-hagen.de\/wp-content\/uploads\/2023\/02\/75DC7C24-91CA-4F07-ADA8-AC1FE56211A7-1152x1536.jpeg 1152w, https:\/\/www.k1-hagen.de\/wp-content\/uploads\/2023\/02\/75DC7C24-91CA-4F07-ADA8-AC1FE56211A7.jpeg 1500w\" sizes=\"auto, (max-width: 225px) 100vw, 225px\" \/><img loading=\"lazy\" decoding=\"async\" class=\"size-medium wp-image-1526 alignleft\" src=\"https:\/\/www.k1-hagen.de\/wp-content\/uploads\/2023\/02\/9542BD8F-C738-4981-84C1-98F208ADEC00-169x300.jpeg\" alt=\"\" width=\"169\" height=\"300\" srcset=\"https:\/\/www.k1-hagen.de\/wp-content\/uploads\/2023\/02\/9542BD8F-C738-4981-84C1-98F208ADEC00-169x300.jpeg 169w, https:\/\/www.k1-hagen.de\/wp-content\/uploads\/2023\/02\/9542BD8F-C738-4981-84C1-98F208ADEC00-575x1024.jpeg 575w, https:\/\/www.k1-hagen.de\/wp-content\/uploads\/2023\/02\/9542BD8F-C738-4981-84C1-98F208ADEC00-768x1367.jpeg 768w, https:\/\/www.k1-hagen.de\/wp-content\/uploads\/2023\/02\/9542BD8F-C738-4981-84C1-98F208ADEC00-863x1536.jpeg 863w, https:\/\/www.k1-hagen.de\/wp-content\/uploads\/2023\/02\/9542BD8F-C738-4981-84C1-98F208ADEC00.jpeg 899w\" sizes=\"auto, (max-width: 169px) 100vw, 169px\" \/><\/p>\n","protected":false},"excerpt":{"rendered":"<p>Sch\u00fcler und Sch\u00fclerinnen aus der Internationalen F\u00f6rderklasse und der Berufschulklasse \u201eE-Commerce\u201c besuchen gemeinsam Krakau Die Vorbereitung der Klassenfahrt fand lange vor der eigentlichen Reise statt. Schon kurz nach Beginn des Schuljahres wurde eine m\u00f6gliche&#46;&#46;&#46;<\/p>\n","protected":false},"author":1,"featured_media":1523,"comment_status":"open","ping_status":"open","sticky":false,"template":"","format":"standard","meta":{"footnotes":""},"categories":[1],"tags":[],"class_list":["post-1519","post","type-post","status-publish","format-standard","has-post-thumbnail","hentry","category-uncategorized"],"_links":{"self":[{"href":"https:\/\/www.k1-hagen.de\/index.php\/wp-json\/wp\/v2\/posts\/1519","targetHints":{"allow":["GET"]}}],"collection":[{"href":"https:\/\/www.k1-hagen.de\/index.php\/wp-json\/wp\/v2\/posts"}],"about":[{"href":"https:\/\/www.k1-hagen.de\/index.php\/wp-json\/wp\/v2\/types\/post"}],"author":[{"embeddable":true,"href":"https:\/\/www.k1-hagen.de\/index.php\/wp-json\/wp\/v2\/users\/1"}],"replies":[{"embeddable":true,"href":"https:\/\/www.k1-hagen.de\/index.php\/wp-json\/wp\/v2\/comments?post=1519"}],"version-history":[{"count":16,"href":"https:\/\/www.k1-hagen.de\/index.php\/wp-json\/wp\/v2\/posts\/1519\/revisions"}],"predecessor-version":[{"id":1575,"href":"https:\/\/www.k1-hagen.de\/index.php\/wp-json\/wp\/v2\/posts\/1519\/revisions\/1575"}],"wp:featuredmedia":[{"embeddable":true,"href":"https:\/\/www.k1-hagen.de\/index.php\/wp-json\/wp\/v2\/media\/1523"}],"wp:attachment":[{"href":"https:\/\/www.k1-hagen.de\/index.php\/wp-json\/wp\/v2\/media?parent=1519"}],"wp:term":[{"taxonomy":"category","embeddable":true,"href":"https:\/\/www.k1-hagen.de\/index.php\/wp-json\/wp\/v2\/categories?post=1519"},{"taxonomy":"post_tag","embeddable":true,"href":"https:\/\/www.k1-hagen.de\/index.php\/wp-json\/wp\/v2\/tags?post=1519"}],"curies":[{"name":"wp","href":"https:\/\/api.w.org\/{rel}","templated":true}]}}