{"id":1168,"date":"2022-05-10T06:26:58","date_gmt":"2022-05-10T06:26:58","guid":{"rendered":"https:\/\/www.k1-hagen.de\/?p=1168"},"modified":"2022-05-10T06:42:00","modified_gmt":"2022-05-10T06:42:00","slug":"europawoche-2022-am-berufskolleg-der-stadt-hagen-kaufmannsschule-1-30-04-09-05-2022","status":"publish","type":"post","link":"https:\/\/www.k1-hagen.de\/index.php\/2022\/05\/10\/europawoche-2022-am-berufskolleg-der-stadt-hagen-kaufmannsschule-1-30-04-09-05-2022\/","title":{"rendered":"Europawoche 2022 an der K1 vom 30.04. bis 09.05.2022"},"content":{"rendered":"<p><img loading=\"lazy\" decoding=\"async\" class=\"alignnone size-medium wp-image-1068\" src=\"https:\/\/www.k1-hagen.de\/wp-content\/uploads\/2022\/03\/C5137E24-46FF-4307-88DF-52125CD11E14-300x172.jpeg\" alt=\"\" width=\"300\" height=\"172\" srcset=\"https:\/\/www.k1-hagen.de\/wp-content\/uploads\/2022\/03\/C5137E24-46FF-4307-88DF-52125CD11E14-300x172.jpeg 300w, https:\/\/www.k1-hagen.de\/wp-content\/uploads\/2022\/03\/C5137E24-46FF-4307-88DF-52125CD11E14-1024x585.jpeg 1024w, https:\/\/www.k1-hagen.de\/wp-content\/uploads\/2022\/03\/C5137E24-46FF-4307-88DF-52125CD11E14-768x439.jpeg 768w, https:\/\/www.k1-hagen.de\/wp-content\/uploads\/2022\/03\/C5137E24-46FF-4307-88DF-52125CD11E14.jpeg 1401w\" sizes=\"auto, (max-width: 300px) 100vw, 300px\" \/>\u00a0 \u00a0 \u00a0 <img loading=\"lazy\" decoding=\"async\" class=\"alignnone size-medium wp-image-1179\" src=\"https:\/\/www.k1-hagen.de\/wp-content\/uploads\/2022\/05\/193636DD-1168-4572-A557-EAC5FD334C4E-300x58.jpeg\" alt=\"\" width=\"300\" height=\"58\" srcset=\"https:\/\/www.k1-hagen.de\/wp-content\/uploads\/2022\/05\/193636DD-1168-4572-A557-EAC5FD334C4E-300x58.jpeg 300w, https:\/\/www.k1-hagen.de\/wp-content\/uploads\/2022\/05\/193636DD-1168-4572-A557-EAC5FD334C4E-1024x197.jpeg 1024w, https:\/\/www.k1-hagen.de\/wp-content\/uploads\/2022\/05\/193636DD-1168-4572-A557-EAC5FD334C4E-768x148.jpeg 768w, https:\/\/www.k1-hagen.de\/wp-content\/uploads\/2022\/05\/193636DD-1168-4572-A557-EAC5FD334C4E.jpeg 1153w\" sizes=\"auto, (max-width: 300px) 100vw, 300px\" \/><br \/>\nEuropa und die Europ\u00e4ische Union in ihrer ganzen Vielfalt haben f\u00fcr jeden eine andere Bedeutung. Die Europawoche sollte dieses Jahr dazu anregen zu entdecken, was die EU \u00fcberhaupt mit uns und unserer Lebenswirklichkeit zu tun hat und wie Europa unseren Alltag in NRW pr\u00e4gt.<\/p>\n<p>Unsere Sch\u00fclerinnen und Sch\u00fcler haben sich an der Europawoche 2022 tatkr\u00e4ftig beteiligt. Das Ergebnis kann man sich auf unserer Homepage: https:\/\/www.k1-hagen.de\/index.php\/2022-2\/ anschauen.<\/p>\n<p>Diese Woche endete mit der R\u00fcckmeldung, in der Lehrerinnen und Lehrer sowie die Sch\u00fclerinnen und Sch\u00fcler die Europawoche als eine Bereicherung und einen Erfolg bezeichnet hatten. Alle betonten, dass die Gespr\u00e4che zu den aktuellen Themen der Europ\u00e4ischen Union wissenswert und Neugier weckend waren und viel Freude bereitet haben und dass das Lernergebnis wesentlich gr\u00f6\u00dfer sei, wenn man sich gegenseitig etwas beibringe.<\/p>\n<p>Positiv f\u00fcr uns als Lehrkr\u00e4fte war unter anderem aber auch, dass wir unsere Sch\u00fclerinnen und Sch\u00fcler besser kennenlernen konnten. In der Reflexion \u00fcberlegten wir au\u00dferdem, wie wir die Europawoche f\u00fcr das n\u00e4chste Jahr verbessern k\u00f6nnten.<br \/>\nDie Hilfsbed\u00fcrftigkeit von aus der Ukraine gefl\u00fcchteten Menschen hat f\u00fcr uns ein Gesicht (bzw. mehrere Gesichter) bekommen.<\/p>\n<p>Zu Beginn der Osterferien haben wir den Kontakt zu 16 Frauen aufgebaut, die aus der Ukraine kommen und in einer Hagener Einrichtung wohnen. Auf unsere Frage, wie wir ihnen helfen k\u00f6nnen, bekamen wir die Antwort, dass sie unbedingt die deutsche Sprache lernen m\u00f6chten. Wir haben daraufhin jeden Tag 2 Stunden Unterricht erteilt, mit Spendengeldern aus dem Kollegen-, Freundes- und Familienkreis haben wir Lebensmittel eingekauft. Daf\u00fcr haben wir sehr viel Dankbarkeit und Herzlichkeit bekommen.<\/p>\n<p>W\u00e4hrend der Europawoche haben unsere Sch\u00fclerinnen und Sch\u00fcler diese Frauen in unsere Schule, um gemeinsam die deutsche Sprache zu lernen, eingeladen. Bis Ende des Schuljahres werden sie jetzt von unserer Schule aktiv betreut. Darauf sind wir sehr stolz.<\/p>\n<p>Am Freitag haben wir vor unserer Schule eine Freundschaftskette gebildet. Diese Kette setzte ein Zeichen der Solidarit\u00e4t und des Zusammenhalts.<\/p>\n<p>Herzlichen Dank an alle, die dabei waren und tatkr\u00e4ftig alle Aktionen unterst\u00fctzt haben.<\/p>\n<p>Marzena Wosch, OStR`<\/p>\n<p>&nbsp;<\/p>\n<p><img loading=\"lazy\" decoding=\"async\" class=\"alignnone size-medium wp-image-1177\" src=\"https:\/\/www.k1-hagen.de\/wp-content\/uploads\/2022\/05\/B3FD4DDF-641F-4CC9-86BD-4F99AB624297-300x163.jpeg\" alt=\"\" width=\"300\" height=\"163\" srcset=\"https:\/\/www.k1-hagen.de\/wp-content\/uploads\/2022\/05\/B3FD4DDF-641F-4CC9-86BD-4F99AB624297-300x163.jpeg 300w, https:\/\/www.k1-hagen.de\/wp-content\/uploads\/2022\/05\/B3FD4DDF-641F-4CC9-86BD-4F99AB624297-1024x555.jpeg 1024w, https:\/\/www.k1-hagen.de\/wp-content\/uploads\/2022\/05\/B3FD4DDF-641F-4CC9-86BD-4F99AB624297-768x416.jpeg 768w, https:\/\/www.k1-hagen.de\/wp-content\/uploads\/2022\/05\/B3FD4DDF-641F-4CC9-86BD-4F99AB624297-1536x832.jpeg 1536w, https:\/\/www.k1-hagen.de\/wp-content\/uploads\/2022\/05\/B3FD4DDF-641F-4CC9-86BD-4F99AB624297.jpeg 1726w\" sizes=\"auto, (max-width: 300px) 100vw, 300px\" \/><br \/>\nFoto: Christian Schmidt, Freundschaftskette an der K1 Hagen.<\/p>\n<p>&nbsp;<\/p>\n<p><img loading=\"lazy\" decoding=\"async\" class=\"alignnone size-medium wp-image-1176\" src=\"https:\/\/www.k1-hagen.de\/wp-content\/uploads\/2022\/05\/1B7F403E-99C2-4112-B529-8DE8940D1B4F-280x300.jpeg\" alt=\"\" width=\"280\" height=\"300\" srcset=\"https:\/\/www.k1-hagen.de\/wp-content\/uploads\/2022\/05\/1B7F403E-99C2-4112-B529-8DE8940D1B4F-280x300.jpeg 280w, https:\/\/www.k1-hagen.de\/wp-content\/uploads\/2022\/05\/1B7F403E-99C2-4112-B529-8DE8940D1B4F-768x824.jpeg 768w, https:\/\/www.k1-hagen.de\/wp-content\/uploads\/2022\/05\/1B7F403E-99C2-4112-B529-8DE8940D1B4F.jpeg 952w\" sizes=\"auto, (max-width: 280px) 100vw, 280px\" \/><br \/>\nFoto: Christian Schmidt, Europawoche 2022 an der K1 Hagen.<\/p>\n<p>&nbsp;<\/p>\n<p><img loading=\"lazy\" decoding=\"async\" class=\"alignnone size-medium wp-image-1175\" src=\"https:\/\/www.k1-hagen.de\/wp-content\/uploads\/2022\/05\/F81C31C8-EE70-4544-91F0-98846A6D9C12-300x196.jpeg\" alt=\"\" width=\"300\" height=\"196\" srcset=\"https:\/\/www.k1-hagen.de\/wp-content\/uploads\/2022\/05\/F81C31C8-EE70-4544-91F0-98846A6D9C12-300x196.jpeg 300w, https:\/\/www.k1-hagen.de\/wp-content\/uploads\/2022\/05\/F81C31C8-EE70-4544-91F0-98846A6D9C12-1024x668.jpeg 1024w, https:\/\/www.k1-hagen.de\/wp-content\/uploads\/2022\/05\/F81C31C8-EE70-4544-91F0-98846A6D9C12-768x501.jpeg 768w, https:\/\/www.k1-hagen.de\/wp-content\/uploads\/2022\/05\/F81C31C8-EE70-4544-91F0-98846A6D9C12.jpeg 1454w\" sizes=\"auto, (max-width: 300px) 100vw, 300px\" \/><br \/>\nFoto: Christian Schmidt, ukrainische G\u00e4ste im Deutschunterricht an der K1 Hagen.<\/p>\n<p>&nbsp;<\/p>\n<p><img loading=\"lazy\" decoding=\"async\" class=\"alignnone size-medium wp-image-1174\" src=\"https:\/\/www.k1-hagen.de\/wp-content\/uploads\/2022\/05\/E0B10629-A481-4B1D-96FC-C69EDFA808C7-212x300.jpeg\" alt=\"\" width=\"212\" height=\"300\" srcset=\"https:\/\/www.k1-hagen.de\/wp-content\/uploads\/2022\/05\/E0B10629-A481-4B1D-96FC-C69EDFA808C7-212x300.jpeg 212w, https:\/\/www.k1-hagen.de\/wp-content\/uploads\/2022\/05\/E0B10629-A481-4B1D-96FC-C69EDFA808C7-724x1024.jpeg 724w, https:\/\/www.k1-hagen.de\/wp-content\/uploads\/2022\/05\/E0B10629-A481-4B1D-96FC-C69EDFA808C7-768x1086.jpeg 768w, https:\/\/www.k1-hagen.de\/wp-content\/uploads\/2022\/05\/E0B10629-A481-4B1D-96FC-C69EDFA808C7.jpeg 895w\" sizes=\"auto, (max-width: 212px) 100vw, 212px\" \/><br \/>\nFoto: Christian Schmidt, rechts Frau Carolina H\u00f6nninger (Schulleiterin), links Frau Barbara Stricker (Stellvertretende Schulleiterin) und in der Mitte Frau Marzena Wosch (Organisatorin der Europawoche 2022 an der K1 Hagen).<\/p>\n<p>&nbsp;<\/p>\n<p><img loading=\"lazy\" decoding=\"async\" class=\"alignnone size-medium wp-image-1178\" src=\"https:\/\/www.k1-hagen.de\/wp-content\/uploads\/2022\/05\/0DFF4DD2-5170-41D8-8D3D-026629866CE3-300x193.jpeg\" alt=\"\" width=\"300\" height=\"193\" srcset=\"https:\/\/www.k1-hagen.de\/wp-content\/uploads\/2022\/05\/0DFF4DD2-5170-41D8-8D3D-026629866CE3-300x193.jpeg 300w, https:\/\/www.k1-hagen.de\/wp-content\/uploads\/2022\/05\/0DFF4DD2-5170-41D8-8D3D-026629866CE3-1024x659.jpeg 1024w, https:\/\/www.k1-hagen.de\/wp-content\/uploads\/2022\/05\/0DFF4DD2-5170-41D8-8D3D-026629866CE3-768x494.jpeg 768w, https:\/\/www.k1-hagen.de\/wp-content\/uploads\/2022\/05\/0DFF4DD2-5170-41D8-8D3D-026629866CE3-1536x989.jpeg 1536w, https:\/\/www.k1-hagen.de\/wp-content\/uploads\/2022\/05\/0DFF4DD2-5170-41D8-8D3D-026629866CE3.jpeg 1555w\" sizes=\"auto, (max-width: 300px) 100vw, 300px\" \/><br \/>\nFoto: Christian Schmidt, Sch\u00fclerinnen und Sch\u00fcler im Politikunterricht an der K1 Hagen.<\/p>\n","protected":false},"excerpt":{"rendered":"<p>\u00a0 \u00a0 \u00a0 Europa und die Europ\u00e4ische Union in ihrer ganzen Vielfalt haben f\u00fcr jeden eine andere Bedeutung. Die Europawoche sollte dieses Jahr dazu anregen zu entdecken, was die EU \u00fcberhaupt mit uns und&#46;&#46;&#46;<\/p>\n","protected":false},"author":1,"featured_media":1171,"comment_status":"open","ping_status":"open","sticky":false,"template":"","format":"standard","meta":{"footnotes":""},"categories":[1],"tags":[],"class_list":["post-1168","post","type-post","status-publish","format-standard","has-post-thumbnail","hentry","category-uncategorized"],"_links":{"self":[{"href":"https:\/\/www.k1-hagen.de\/index.php\/wp-json\/wp\/v2\/posts\/1168","targetHints":{"allow":["GET"]}}],"collection":[{"href":"https:\/\/www.k1-hagen.de\/index.php\/wp-json\/wp\/v2\/posts"}],"about":[{"href":"https:\/\/www.k1-hagen.de\/index.php\/wp-json\/wp\/v2\/types\/post"}],"author":[{"embeddable":true,"href":"https:\/\/www.k1-hagen.de\/index.php\/wp-json\/wp\/v2\/users\/1"}],"replies":[{"embeddable":true,"href":"https:\/\/www.k1-hagen.de\/index.php\/wp-json\/wp\/v2\/comments?post=1168"}],"version-history":[{"count":8,"href":"https:\/\/www.k1-hagen.de\/index.php\/wp-json\/wp\/v2\/posts\/1168\/revisions"}],"predecessor-version":[{"id":1184,"href":"https:\/\/www.k1-hagen.de\/index.php\/wp-json\/wp\/v2\/posts\/1168\/revisions\/1184"}],"wp:featuredmedia":[{"embeddable":true,"href":"https:\/\/www.k1-hagen.de\/index.php\/wp-json\/wp\/v2\/media\/1171"}],"wp:attachment":[{"href":"https:\/\/www.k1-hagen.de\/index.php\/wp-json\/wp\/v2\/media?parent=1168"}],"wp:term":[{"taxonomy":"category","embeddable":true,"href":"https:\/\/www.k1-hagen.de\/index.php\/wp-json\/wp\/v2\/categories?post=1168"},{"taxonomy":"post_tag","embeddable":true,"href":"https:\/\/www.k1-hagen.de\/index.php\/wp-json\/wp\/v2\/tags?post=1168"}],"curies":[{"name":"wp","href":"https:\/\/api.w.org\/{rel}","templated":true}]}}